{"id":582,"date":"2016-04-23T12:31:45","date_gmt":"2016-04-23T09:31:45","guid":{"rendered":"http:\/\/www.kadin.net\/portal\/?p=582"},"modified":"2016-04-23T12:31:45","modified_gmt":"2016-04-23T09:31:45","slug":"kurtaj-nedir-nasil-yapilir","status":"publish","type":"post","link":"https:\/\/www.kadin.net\/portal\/kurtaj-nedir-nasil-yapilir\/","title":{"rendered":"K\u00fcrtaj Nedir? Nas\u0131l Yap\u0131l\u0131r?"},"content":{"rendered":"<p>K\u00fcrtaj k\u0131saca gebeli\u011fin sonland\u0131r\u0131lmas\u0131 durumudur yani t\u0131bbi tahliye de diyebiliriz buna. \u00d6zellikle istenmeyen gebeliklerde \u00e7ok s\u0131kl\u0131kla yap\u0131lmaktad\u0131r. K\u00fcrtaj ayn\u0131 zamanda rahmin i\u00e7inin tamamen temizlenme i\u015flemidir. \u00dclkemizde bunun yasal s\u0131n\u0131r\u0131 son adet tarihinden itibaren 10 hafta ile s\u0131n\u0131rl\u0131 tutulmu\u015ftur. Gebelik e\u011fer verilen tarihin \u00fcst\u00fcnde ise burada anne ve baban\u0131n r\u0131zas\u0131 olsa bile k\u00fcrtaja resmi kurumlarda izin verilmez. E\u011fer anne de ya da bebekte sa\u011fl\u0131ki a\u00e7\u0131dan sorun te\u015fkil edici bir sebep varsa burada gebelik haftas\u0131na\u00a0bak\u0131lmaks\u0131z\u0131n sa\u011fl\u0131k kurulu raporu ve en az iki doktorun imzas\u0131 ile karar \u00e7\u0131kart\u0131l\u0131r.<\/p>\n<figure id=\"attachment_584\" aria-describedby=\"caption-attachment-584\" style=\"width: 578px\" class=\"wp-caption alignnone\"><img loading=\"lazy\" decoding=\"async\" class=\"wp-image-584 size-full\" src=\"http:\/\/www.kadin.net\/portal\/wp-content\/uploads\/2016\/04\/k\u00fcrtaj-nedir-nasil-yapilir.jpg\" alt=\"k\u00fcrtaj nedir nasil yapilir\" width=\"578\" height=\"300\" srcset=\"https:\/\/www.kadin.net\/portal\/wp-content\/uploads\/2016\/04\/k\u00fcrtaj-nedir-nasil-yapilir.jpg 578w, https:\/\/www.kadin.net\/portal\/wp-content\/uploads\/2016\/04\/k\u00fcrtaj-nedir-nasil-yapilir-300x156.jpg 300w\" sizes=\"auto, (max-width: 578px) 100vw, 578px\" \/><figcaption id=\"caption-attachment-584\" class=\"wp-caption-text\">k\u00fcrtaj nedir nasil yapilir<\/figcaption><\/figure>\n<p>Bu tamamen benim kendi fikrim ve k\u00fcrtaj olay\u0131na e\u011fer gerek g\u00f6r\u00fclmedik\u00e7e ve sa\u011fl\u0131k a\u00e7\u0131s\u0131ndan tehlike i\u00e7ermiyorsa kar\u015f\u0131 olanlardan biriyim. Bir can\u0131 Allah veriyorsa almak ta onun g\u00f6revidir. Yani keyfine ben bu \u00e7ocu\u011fu istemiyorum deyip onun ya\u015famas\u0131na engel olunuyorsa bebek sahibi olmak isteyenlere bence bu hakarettir. K\u00fcrtaj ayn\u0131 zamanda hi\u00e7 bir zaman aile planlamas\u0131 sa\u011flayan bir ara\u00e7 olmam\u0131\u015ft\u0131r. Ailelerin ister sosyal ister ekonomik a\u00e7\u0131dan daha fazla \u00e7ocuk yapmak istememeleri do\u011fum kontrol y\u00f6ntemleri ile sa\u011flanmal\u0131d\u0131r. Olu\u015fan bir gebeli\u011fi keyfi \u015fekilde sonland\u0131rmak olur \u015fey de\u011fildir. Ya da gayri me\u015fru gebeliklerde de ayn\u0131 \u015fey ge\u00e7erlidir. Bunu yap\u0131yorsan\u0131z sonucuna da katlanmak zorundas\u0131n\u0131z. K\u00fcrtaj kesinlikle bir \u00e7\u00f6z\u00fcm de\u011fildir.<\/p>\n<p>Gebelik anne i\u00e7in hayati tehlike olu\u015fturuyorsa bu durumda k\u00fcrtaj d\u00fc\u015f\u00fcn\u00fclebilir, ayn\u0131 zamanda bebek i\u00e7in sorun te\u015fkil ediyorsa ki ben buna da asl\u0131nda kar\u015f\u0131y\u0131m ama bu durumda da k\u00fcrtaja ba\u015fvurulabiliyor. Yine <strong><a href=\"http:\/\/www.kadin.net\/portal\/gebelikte-dusuk-nedenleri\/\"  target=\"_blank\"  target=\"_blank\">gebelikte d\u00fc\u015f\u00fckler<\/a><\/strong>de k\u00fcrtaj sebebi olabilmektedir. E\u011fer 12 haftadan \u00f6nce bir d\u00fc\u015f\u00fck s\u00f6z konusu ise bu kanama yolu ile kendili\u011finden at\u0131labilir. 12 haftadan sonra olu\u015fan d\u00fc\u015f\u00fcklerde k\u00fcrtaj gerekebilir.<\/p>\n<figure id=\"attachment_585\" aria-describedby=\"caption-attachment-585\" style=\"width: 610px\" class=\"wp-caption alignnone\"><img loading=\"lazy\" decoding=\"async\" class=\"wp-image-585 size-full\" src=\"http:\/\/www.kadin.net\/portal\/wp-content\/uploads\/2016\/04\/vakum-y\u00f6ntemi-ile-k\u00fcrtaj.jpg\" alt=\"vakum y\u00f6ntemi ile k\u00fcrtaj\" width=\"610\" height=\"350\" srcset=\"https:\/\/www.kadin.net\/portal\/wp-content\/uploads\/2016\/04\/vakum-y\u00f6ntemi-ile-k\u00fcrtaj.jpg 610w, https:\/\/www.kadin.net\/portal\/wp-content\/uploads\/2016\/04\/vakum-y\u00f6ntemi-ile-k\u00fcrtaj-300x172.jpg 300w\" sizes=\"auto, (max-width: 610px) 100vw, 610px\" \/><figcaption id=\"caption-attachment-585\" class=\"wp-caption-text\">vakum y\u00f6ntemi ile k\u00fcrtaj<\/figcaption><\/figure>\n<p><strong>K\u00fcrtaj \u00c7e\u015fitleri Nelerdir:<\/strong><\/p>\n<p>Bo\u015f gebelik ( kesenin i\u00e7inde olmas\u0131 gereken tarihte bebe\u011fin g\u00f6r\u00fclmeme durumu),<\/p>\n<p>Bozulmu\u015f gebelik gibi durumlarda da zaman kaybetmeden k\u00fcrtaj yap\u0131lmal\u0131d\u0131r.<\/p>\n<p>Probe K\u00fcrtaj (kanama bozukluklar\u0131, menopoz sonras\u0131 kanamalarda bazen te\u015fhis bazen de tedavi amac\u0131 ile k\u00fcrtaj yap\u0131lmaktad\u0131r.<\/p>\n<p>Fraksiyone k\u00fcrtaj (Rahim a\u011fz\u0131 ve rahim kanserinin ayr\u0131m\u0131nda da \u00f6nemli bir ara\u00e7)<\/p>\n<p>Revizyone k\u00fcrtaj ( gebelikte kendili\u011finden olu\u015fan bir d\u00fc\u015f\u00fckten sonra rahim i\u00e7inde kalabilecek par\u00e7alar\u0131n temizlenmesi i\u00e7in de k\u00fcrtaja ba\u015fvurulur.<\/p>\n<p>Endometrial Dating (infertilite (k\u0131s\u0131rl\u0131k) te\u015fhisinde yumurtlaman\u0131n olup olmad\u0131\u011f\u0131n\u0131n anla\u015f\u0131lmas\u0131 i\u00e7in yap\u0131l\u0131r<\/p>\n<p>Zaman kaybedildi\u011fi durumlarda k\u00fcrtaj\u0131n yan etkileri ve riskleri de artmaktad\u0131r. K\u00fcrtaj\u0131 yapacak doktorun deneyimli, tecr\u00fcbeli uzman birisi olmas\u0131 \u00f6nemlidir. \u00c7\u00fcnk\u00fc k\u00fcrtaj riskli bir i\u015flemdir. K\u00fcrtaj i\u015fleminden sonra 2-10 g\u00fcn aras\u0131nda hafif kanamalar g\u00f6r\u00fclebilir. \u0130\u015flem sonras\u0131nda doktorunuzun verdi\u011fi ila\u00e7lar d\u00fczenli bir \u015fekilde kullan\u0131lmal\u0131d\u0131r. Genellikle enfeksiyon olu\u015fuma kar\u015f\u0131 10-15 g\u00fcn s\u00fcreyle ili\u015fki \u00f6nerilmez. E\u011fer bir d\u00fc\u015f\u00fck sebebi ile k\u00fcrtaj yap\u0131lm\u0131\u015fsa doktorunuz en az 3 ay s\u00fcre ile size korunma yoluyla ili\u015fki \u00f6nerecektir. \u0130\u015flemden 1 ay sonra kadar bir iki g\u00fcn gecikmeli adet kanamas\u0131 g\u00f6r\u00fclmeye ba\u015flar.<\/p>\n","protected":false},"excerpt":{"rendered":"<p>K\u00fcrtaj k\u0131saca gebeli\u011fin sonland\u0131r\u0131lmas\u0131 durumudur yani t\u0131bbi tahliye de diyebiliriz buna. \u00d6zellikle istenmeyen gebeliklerde \u00e7ok s\u0131kl\u0131kla yap\u0131lmaktad\u0131r. K\u00fcrtaj ayn\u0131 zamanda<\/p>\n","protected":false},"author":2,"featured_media":584,"comment_status":"open","ping_status":"closed","sticky":false,"template":"","format":"standard","meta":{"footnotes":""},"categories":[2],"tags":[],"class_list":["post-582","post","type-post","status-publish","format-standard","has-post-thumbnail","hentry","category-gebelik-belirtileri"],"aioseo_notices":[],"views":368,"_links":{"self":[{"href":"https:\/\/www.kadin.net\/portal\/wp-json\/wp\/v2\/posts\/582","targetHints":{"allow":["GET"]}}],"collection":[{"href":"https:\/\/www.kadin.net\/portal\/wp-json\/wp\/v2\/posts"}],"about":[{"href":"https:\/\/www.kadin.net\/portal\/wp-json\/wp\/v2\/types\/post"}],"author":[{"embeddable":true,"href":"https:\/\/www.kadin.net\/portal\/wp-json\/wp\/v2\/users\/2"}],"replies":[{"embeddable":true,"href":"https:\/\/www.kadin.net\/portal\/wp-json\/wp\/v2\/comments?post=582"}],"version-history":[{"count":1,"href":"https:\/\/www.kadin.net\/portal\/wp-json\/wp\/v2\/posts\/582\/revisions"}],"predecessor-version":[{"id":586,"href":"https:\/\/www.kadin.net\/portal\/wp-json\/wp\/v2\/posts\/582\/revisions\/586"}],"wp:featuredmedia":[{"embeddable":true,"href":"https:\/\/www.kadin.net\/portal\/wp-json\/wp\/v2\/media\/584"}],"wp:attachment":[{"href":"https:\/\/www.kadin.net\/portal\/wp-json\/wp\/v2\/media?parent=582"}],"wp:term":[{"taxonomy":"category","embeddable":true,"href":"https:\/\/www.kadin.net\/portal\/wp-json\/wp\/v2\/categories?post=582"},{"taxonomy":"post_tag","embeddable":true,"href":"https:\/\/www.kadin.net\/portal\/wp-json\/wp\/v2\/tags?post=582"}],"curies":[{"name":"wp","href":"https:\/\/api.w.org\/{rel}","templated":true}]}}