{"id":764,"date":"2016-05-12T16:03:08","date_gmt":"2016-05-12T13:03:08","guid":{"rendered":"http:\/\/www.kadin.net\/portal\/?p=764"},"modified":"2016-11-08T13:04:37","modified_gmt":"2016-11-08T11:04:37","slug":"sari-yesil-ev-dekorasyonu-duzeni-nasil-olmali","status":"publish","type":"post","link":"https:\/\/www.kadin.net\/portal\/sari-yesil-ev-dekorasyonu-duzeni-nasil-olmali\/","title":{"rendered":"Sar\u0131 Ye\u015fil Ev Dekorasyonu D\u00fczeni Nas\u0131l Olmal\u0131"},"content":{"rendered":"<p>Renkli c\u0131v\u0131l c\u0131v\u0131l bir dekorasyon d\u00fc\u015f\u00fcn\u00fcyorsan\u0131z tam yerine geldiniz diyebilirim. <strong>Sar\u0131 ye\u015fil ev dekorasyonu d\u00fczeni nas\u0131l olmal\u0131<\/strong>? <strong>ye\u015fil sar\u0131 ev dekorasyonu \u00f6rnekleri<\/strong>ni vererek sizlere tan\u0131tmaya \u00e7al\u0131\u015faca\u011f\u0131z. Bu iki rengin birbirini ne kadar g\u00fczel dengeledi\u011fini a\u00e7\u0131k\u00e7a g\u00f6receksiniz. Art\u0131k evinizin eski d\u00fczeninden s\u0131k\u0131ld\u0131ysan\u0131z ho\u015f iki renk ile yenilenebilirsiniz. Hem ruhen hem bedenen sizi capcanl\u0131 yapacak sar\u0131 ve ye\u015fil renkleri enerjinizi \u00fcst seviyelere ta\u015f\u0131man\u0131za yard\u0131mc\u0131 olacakt\u0131r. Belki ilk anda g\u00f6z\u00fcn\u00fczde canland\u0131rd\u0131\u011f\u0131n\u0131zda bu iki rengi birbirine yak\u0131\u015ft\u0131rmayabilirsiniz ama \u00f6rnekleri g\u00f6rd\u00fc\u011f\u00fcn\u00fczde ne kadar canl\u0131 ve ho\u015f bir dekorasyon ortaya \u00e7\u0131kt\u0131\u011f\u0131n\u0131 g\u00f6receksiniz. \u00a0\u00d6nemli olan tabii ki do\u011fru tonlar\u0131 yakalayabilmektir. Gerekirse uzmandan yard\u0131m alabilirsiniz bu konuda. \u00c7\u00fcnk\u00fc \u00f6rneklere de ne kadar g\u00fcvenip bu i\u015fe kalk\u0131\u015fsak elimize y\u00fcz\u00fcm\u00fcze bula\u015ft\u0131r\u0131p rezil olmakta var i\u015fin sonunda. Bir o kadar da mobilya ve boyalara verdi\u011finiz para da cabas\u0131 olur. E\u011fer ki \u00f6rnekleri inceledi\u011finizde sar\u0131 ve ye\u015fil sizi etkilerse alternatifleriniz aras\u0131na koyabilirsiniz.<\/p>\n<figure id=\"attachment_765\" aria-describedby=\"caption-attachment-765\" style=\"width: 600px\" class=\"wp-caption alignnone\"><img loading=\"lazy\" decoding=\"async\" class=\"wp-image-765 size-full\" src=\"http:\/\/www.kadin.net\/portal\/wp-content\/uploads\/2016\/05\/sari-yesil-oturma-odasi-dekorasyonu.jpg\" alt=\"sari yesil oturma odasi dekorasyonu\" width=\"600\" height=\"500\" srcset=\"https:\/\/www.kadin.net\/portal\/wp-content\/uploads\/2016\/05\/sari-yesil-oturma-odasi-dekorasyonu.jpg 600w, https:\/\/www.kadin.net\/portal\/wp-content\/uploads\/2016\/05\/sari-yesil-oturma-odasi-dekorasyonu-300x250.jpg 300w\" sizes=\"auto, (max-width: 600px) 100vw, 600px\" \/><figcaption id=\"caption-attachment-765\" class=\"wp-caption-text\">sari yesil oturma odasi dekorasyonu<\/figcaption><\/figure>\n<p>Yukar\u0131daki \u00f6rnekte g\u00f6r\u00fcld\u00fc\u011f\u00fc gibi <strong>sar\u0131 ye\u015fil<\/strong> uyumu \u00e7ok g\u00fczel bir bi\u00e7imde sergilenmi\u015f. Bunun yan\u0131nda sar\u0131 ve ye\u015file kahve gri tonlar\u0131n\u0131n da e\u015flik etti\u011fini g\u00f6rebiliyoruz. E\u011fer mekan\u0131n\u0131z i\u00e7in sar\u0131 ve ye\u015fil \u00e7ok a\u011f\u0131r ka\u00e7ar diye d\u00fc\u015f\u00fcn\u00fcrseniz aralara bu renklerden serpi\u015ftirebilirsiniz. Yerdeki laminat parke renginin hafif sar\u0131 ve kahve tonlar\u0131nda olmas\u0131 dekorasyona uyum sa\u011flam\u0131\u015f. Onun i\u00e7in yer d\u00f6\u015femeleri ayr\u0131nt\u0131d\u0131r ama \u00f6nemli bir ayr\u0131nt\u0131d\u0131r. Oda g\u00f6rd\u00fc\u011f\u00fcm\u00fcz kadar\u0131yla bol \u0131\u015f\u0131k alan pencereleri b\u00fcy\u00fck oldu\u011funu g\u00f6r\u00fcyoruz ki bu da renklerle birlikte daha canl\u0131 ve ayd\u0131nl\u0131k bir mekan olu\u015fmas\u0131na olanak sa\u011flam\u0131\u015f. A\u015fa\u011f\u0131daki \u00f6rnekte koyu renk mobilyalar sar\u0131 renk dokunu\u015flarla hareket kazanm\u0131\u015f. Hal\u0131da mobilyalar\u0131n ayaklar\u0131nda ve arkadaki piyanoda yer alan kahve tonlar bu iki rengi dengelemi\u015f.<\/p>\n<figure id=\"attachment_766\" aria-describedby=\"caption-attachment-766\" style=\"width: 500px\" class=\"wp-caption alignnone\"><img loading=\"lazy\" decoding=\"async\" class=\"wp-image-766 size-full\" src=\"http:\/\/www.kadin.net\/portal\/wp-content\/uploads\/2016\/05\/sari-yesil-ev-dekorasyonu.jpg\" alt=\"sari yesil ev dekorasyonu\" width=\"500\" height=\"333\" srcset=\"https:\/\/www.kadin.net\/portal\/wp-content\/uploads\/2016\/05\/sari-yesil-ev-dekorasyonu.jpg 500w, https:\/\/www.kadin.net\/portal\/wp-content\/uploads\/2016\/05\/sari-yesil-ev-dekorasyonu-300x200.jpg 300w\" sizes=\"auto, (max-width: 500px) 100vw, 500px\" \/><figcaption id=\"caption-attachment-766\" class=\"wp-caption-text\">sari yesil ev dekorasyonu<\/figcaption><\/figure>\n<p>E\u011fer ki dekorasyonunuzun rengine uygun hal\u0131 modeli bak\u0131yorsan\u0131z koyu olan renklerin de i\u00e7inde bulundu\u011fu hal\u0131 modellerine bakman\u0131z\u0131 tavsiye ediyorum. Yine alt \u00f6rnekte ye\u015filin \u00e7ok mat bir tonu yer almakta. Yer yer krem, beyaz e\u015flik ediyor. Ve tabii olmazsa olmaz sar\u0131 uyumu g\u00f6ze \u00e7arp\u0131yor. \u00d6zellikle tekli koltukta yer alan sar\u0131 k\u0131rlentler canl\u0131 bir hava katm\u0131\u015f mekana. Tabii tabloyu g\u00f6rmemek imkans\u0131z. Koyu ye\u015fil \u00fczerine ne kadar ho\u015f durmu\u015f de\u011fil mi? Duvar rengi ile uyumlu tekli koltuklar krem rengi ile b\u00fct\u00fcnle\u015fmi\u015f. Yerde yer alan hal\u0131 da biraz sar\u0131 biraz duvar rengi tonlar\u0131nda bir uyumla mekana uyum sa\u011flam\u0131\u015f. \u015e\u00f6mine beyaz renk se\u00e7ilerek mekandaki karanl\u0131\u011f\u0131 ortadan kald\u0131rm\u0131\u015f. Yine \u015f\u00f6mine \u00fczerinde \u015famdanlar ve beyaz \u00e7i\u00e7ek ve saks\u0131s\u0131 da ho\u015f bir uyum i\u00e7inde. <strong>Sar\u0131 ve ye\u015filin<\/strong> en g\u00fczel uyumlu oldu\u011fu \u00f6rneklerden bir tanesi diyebilirim. \u00d6zellikle k\u0131\u015f gecelerinde yanan \u015f\u00f6mine yan\u0131ndaki tekli koltuklarda oturup kahvenizi yudumlayabilirsiniz. Yine \u00e7ok be\u011fenece\u011finizi d\u00fc\u015f\u00fcnd\u00fc\u011f\u00fcm krem rengi ve uyumlu renkler adl\u0131 yaz\u0131m\u0131z\u0131 <a href=\"http:\/\/www.kadin.net\/portal\/krem-rengi-ev-dekorasyonu-kremle-uyumlu-renkler\/\"  target=\"_blank\"  target=\"_blank\"><strong>buradan<\/strong> <\/a>inceleyebilirsiniz.<\/p>\n<figure id=\"attachment_767\" aria-describedby=\"caption-attachment-767\" style=\"width: 399px\" class=\"wp-caption alignnone\"><img loading=\"lazy\" decoding=\"async\" class=\"wp-image-767 size-full\" src=\"http:\/\/www.kadin.net\/portal\/wp-content\/uploads\/2016\/05\/sari-yesil-dekorasyon-\u00f6rnegi.jpg\" alt=\"sari yesil dekorasyon \u00f6rnegi\" width=\"399\" height=\"605\" srcset=\"https:\/\/www.kadin.net\/portal\/wp-content\/uploads\/2016\/05\/sari-yesil-dekorasyon-\u00f6rnegi.jpg 399w, https:\/\/www.kadin.net\/portal\/wp-content\/uploads\/2016\/05\/sari-yesil-dekorasyon-\u00f6rnegi-198x300.jpg 198w\" sizes=\"auto, (max-width: 399px) 100vw, 399px\" \/><figcaption id=\"caption-attachment-767\" class=\"wp-caption-text\">sari yesil dekorasyon \u00f6rnegi<\/figcaption><\/figure>\n","protected":false},"excerpt":{"rendered":"<p>Renkli c\u0131v\u0131l c\u0131v\u0131l bir dekorasyon d\u00fc\u015f\u00fcn\u00fcyorsan\u0131z tam yerine geldiniz diyebilirim. Sar\u0131 ye\u015fil ev dekorasyonu d\u00fczeni nas\u0131l olmal\u0131? ye\u015fil sar\u0131 ev<\/p>\n","protected":false},"author":2,"featured_media":766,"comment_status":"open","ping_status":"closed","sticky":false,"template":"","format":"standard","meta":{"footnotes":""},"categories":[1],"tags":[],"class_list":["post-764","post","type-post","status-publish","format-standard","has-post-thumbnail","hentry","category-dekorasyon"],"aioseo_notices":[],"views":847,"_links":{"self":[{"href":"https:\/\/www.kadin.net\/portal\/wp-json\/wp\/v2\/posts\/764","targetHints":{"allow":["GET"]}}],"collection":[{"href":"https:\/\/www.kadin.net\/portal\/wp-json\/wp\/v2\/posts"}],"about":[{"href":"https:\/\/www.kadin.net\/portal\/wp-json\/wp\/v2\/types\/post"}],"author":[{"embeddable":true,"href":"https:\/\/www.kadin.net\/portal\/wp-json\/wp\/v2\/users\/2"}],"replies":[{"embeddable":true,"href":"https:\/\/www.kadin.net\/portal\/wp-json\/wp\/v2\/comments?post=764"}],"version-history":[{"count":1,"href":"https:\/\/www.kadin.net\/portal\/wp-json\/wp\/v2\/posts\/764\/revisions"}],"predecessor-version":[{"id":768,"href":"https:\/\/www.kadin.net\/portal\/wp-json\/wp\/v2\/posts\/764\/revisions\/768"}],"wp:featuredmedia":[{"embeddable":true,"href":"https:\/\/www.kadin.net\/portal\/wp-json\/wp\/v2\/media\/766"}],"wp:attachment":[{"href":"https:\/\/www.kadin.net\/portal\/wp-json\/wp\/v2\/media?parent=764"}],"wp:term":[{"taxonomy":"category","embeddable":true,"href":"https:\/\/www.kadin.net\/portal\/wp-json\/wp\/v2\/categories?post=764"},{"taxonomy":"post_tag","embeddable":true,"href":"https:\/\/www.kadin.net\/portal\/wp-json\/wp\/v2\/tags?post=764"}],"curies":[{"name":"wp","href":"https:\/\/api.w.org\/{rel}","templated":true}]}}