{"id":769,"date":"2016-05-12T17:19:24","date_gmt":"2016-05-12T14:19:24","guid":{"rendered":"http:\/\/www.kadin.net\/portal\/?p=769"},"modified":"2016-11-08T13:04:37","modified_gmt":"2016-11-08T11:04:37","slug":"ev-dekorasyonunda-bej-rengi","status":"publish","type":"post","link":"https:\/\/www.kadin.net\/portal\/ev-dekorasyonunda-bej-rengi\/","title":{"rendered":"Ev Dekorasyonunda Bej Rengi"},"content":{"rendered":"<p><strong>Ev dekorasyonunda bej rengi<\/strong> d\u00fczeni, \u00f6rnekleri ve daha fazlas\u0131n\u0131 yaz\u0131m\u0131z\u0131n i\u00e7eri\u011finde bulabilirsiniz. Bej rengi yumu\u015fak ve asil tonu ile ev dekorasyonuna en \u00e7ok yak\u0131\u015fan renklerden biri. Asl\u0131nda en g\u00f6zde boya markalar\u0131n\u0131n bile bej tonlar\u0131n\u0131n \u00e7ok \u00e7e\u015fitli \u00f6rneklerini g\u00f6rebilirsiniz. Evinizde i\u015f yerinde duvarlara yak\u0131\u015fabilen \u00e7ok asil bir renk. Asl\u0131nda hi\u00e7 s\u0131kmayan g\u00f6z yormayan sade bir renktir. Onun i\u00e7in sade isteyenler tek bej tercih edebilir ya da biraz dekorasyona hareket kazand\u0131rmak isteyenler <strong>bej<\/strong> yan\u0131nda canl\u0131 renkleri tercih edebilirler. Bej \u00f6yle bir renktir ki rahatl\u0131kla her renkle uyum sa\u011flayabilir. Modas\u0131 belkide hi\u00e7 ge\u00e7meyen bir renk olarak kar\u015f\u0131m\u0131za her y\u0131l \u00e7\u0131kar bej.<\/p>\n<figure id=\"attachment_770\" aria-describedby=\"caption-attachment-770\" style=\"width: 550px\" class=\"wp-caption alignnone\"><img loading=\"lazy\" decoding=\"async\" class=\"wp-image-770 size-full\" src=\"http:\/\/www.kadin.net\/portal\/wp-content\/uploads\/2016\/05\/bej-yesil-ev-dekorasyonu-\u00f6rnegi.jpg\" alt=\"bej yesil ev dekorasyonu \u00f6rnegi\" width=\"550\" height=\"397\" srcset=\"https:\/\/www.kadin.net\/portal\/wp-content\/uploads\/2016\/05\/bej-yesil-ev-dekorasyonu-\u00f6rnegi.jpg 550w, https:\/\/www.kadin.net\/portal\/wp-content\/uploads\/2016\/05\/bej-yesil-ev-dekorasyonu-\u00f6rnegi-300x217.jpg 300w\" sizes=\"auto, (max-width: 550px) 100vw, 550px\" \/><figcaption id=\"caption-attachment-770\" class=\"wp-caption-text\">bej yesil ev dekorasyonu \u00f6rnegi<\/figcaption><\/figure>\n<p>Bej ile yak\u0131\u015fabilen \u00e7ok renk var biz en \u00e7ok yak\u0131\u015fan renkleri \u00f6rneklerle birlikte sunmaya \u00e7al\u0131\u015faca\u011f\u0131z. Yukar\u0131daki \u00f6rnekte bej rengi koltuklara ve duvarlara uyum sa\u011flamas\u0131 a\u00e7\u0131s\u0131ndan ye\u015filin ho\u015f bir tonu ile \u015f\u0131k ve asil bir dekorasyon olu\u015fmu\u015f. Bej zaten sakin s\u0131cak bir renktir. Ye\u015filin do\u011fru tonunu buldu\u011funuzda huzur ve sakin bir ortam sa\u011flam\u0131\u015f olacaks\u0131n\u0131z. Ye\u015fil ve bej rengini dekorasyonda beraber kullanmak i\u00e7in bitkilerden de yard\u0131m alabilirsiniz. \u00d6zellikle daha dar mekanlar ve az \u0131\u015f\u0131k alan odalar i\u00e7in bej ile a\u00e7\u0131k ye\u015fil tonlar\u0131n\u0131 tercih etmeniz daha ferah bir g\u00f6r\u00fcn\u00fcm elde etmenizi sa\u011flar. Bu \u00f6rnekte de asl\u0131nda mekan\u0131n karanl\u0131k olmamas\u0131 i\u00e7in bol miktarda abajur tercih edilmi\u015f. Asl\u0131nda bu renk tonunun tek bir duvarda tercih edilmi\u015f olmas\u0131 fazla s\u0131k\u0131c\u0131 olmas\u0131n\u0131 da engellemi\u015f. A\u015fa\u011f\u0131daki \u00f6rnek \u00e7ok iyi \u0131\u015f\u0131k alan mekanlar i\u00e7in uygun olabilir. \u00c7ok koyu duvarlar s\u0131k\u0131c\u0131 olabilir. <strong>Bej rengi<\/strong> koltuklar ne kadar da ferah bir ortam olu\u015fturmu\u015fsa da duvarlar sizi bo\u011fabilir. Mekan\u0131n\u0131za bu renkleri tercih etmeniz halinde oldu\u011fundan k\u00fc\u00e7\u00fck g\u00f6r\u00fcnmesine de sebep olursunuz. Ayn\u0131 zamanda k\u00f6\u015fe tak\u0131m\u0131 se\u00e7ece\u011finiz mobilyalar\u0131n\u0131z ile k\u00fc\u00e7\u00fcc\u00fck hareket alan\u0131n\u0131z\u0131n k\u0131s\u0131tlanmas\u0131na da sebep olursunuz.<\/p>\n<figure id=\"attachment_771\" aria-describedby=\"caption-attachment-771\" style=\"width: 550px\" class=\"wp-caption alignnone\"><img loading=\"lazy\" decoding=\"async\" class=\"wp-image-771 size-full\" src=\"http:\/\/www.kadin.net\/portal\/wp-content\/uploads\/2016\/05\/bej-ve-koyu-kahve-oturma-odasi.jpg\" alt=\"bej ve koyu kahve oturma odasi\" width=\"550\" height=\"416\" srcset=\"https:\/\/www.kadin.net\/portal\/wp-content\/uploads\/2016\/05\/bej-ve-koyu-kahve-oturma-odasi.jpg 550w, https:\/\/www.kadin.net\/portal\/wp-content\/uploads\/2016\/05\/bej-ve-koyu-kahve-oturma-odasi-300x227.jpg 300w\" sizes=\"auto, (max-width: 550px) 100vw, 550px\" \/><figcaption id=\"caption-attachment-771\" class=\"wp-caption-text\">bej ve koyu kahve oturma odasi<\/figcaption><\/figure>\n<p>\u0130\u015fte asl\u0131nda bahar aylar\u0131n\u0131n i\u00e7inde oldu\u011fumuz \u015fu vakitlerde ihtiyac\u0131m\u0131z olan renkler. Evinizde bahar \u00e7i\u00e7eklerinin a\u00e7t\u0131\u011f\u0131n\u0131 hissedebilece\u011finiz pembe ve bej uyumu. \u0130\u00e7 i\u00e7e girmi\u015f bir bej pembe uyumu g\u00f6r\u00fcyorsunuz. Pembe renk dekorasyona s\u0131cakl\u0131k ve samimiyet katarken bej onu dengeleyecek ayn\u0131 zamanda asil ve \u015f\u0131k bir duru\u015f da sergileyecektir.<\/p>\n<figure id=\"attachment_772\" aria-describedby=\"caption-attachment-772\" style=\"width: 680px\" class=\"wp-caption alignnone\"><img loading=\"lazy\" decoding=\"async\" class=\"wp-image-772 size-full\" src=\"http:\/\/www.kadin.net\/portal\/wp-content\/uploads\/2016\/05\/bej-pembe-renk-uyumu.jpg\" alt=\"bej pembe renk uyumu\" width=\"680\" height=\"589\" srcset=\"https:\/\/www.kadin.net\/portal\/wp-content\/uploads\/2016\/05\/bej-pembe-renk-uyumu.jpg 680w, https:\/\/www.kadin.net\/portal\/wp-content\/uploads\/2016\/05\/bej-pembe-renk-uyumu-300x260.jpg 300w\" sizes=\"auto, (max-width: 680px) 100vw, 680px\" \/><figcaption id=\"caption-attachment-772\" class=\"wp-caption-text\">bej pembe renk uyumu<\/figcaption><\/figure>\n<p>Bejin o ciddi ve asil tavr\u0131n\u0131 biraz de\u011fi\u015ftirmek canl\u0131l\u0131k katmak i\u00e7in daha so\u011fuk renklerle onu dengeleyebilirsiniz. Buna bir \u00f6rnek te a\u015fa\u011f\u0131da duruyor. Bellona \u00e7ok \u015f\u0131k tak\u0131m\u0131nda bej ve mavi renkleri bir arada kullanm\u0131\u015f. Ortaya hem asil hem e\u011flenceli bir dekorasyon \u00e7\u0131km\u0131\u015f. Bu \u00f6rnekte yine arkada yer alan bitkiler bize g\u00f6steriyor ki ye\u015fil ile bejin yine \u00e7ok g\u00fczel uyumunu g\u00f6rebiliyoruz. <strong>Ev dekorasyonunda bej<\/strong> ile kullanabilece\u011finiz \u00e7ok renk var biz bu kadar ile s\u0131n\u0131rl\u0131 kald\u0131k. Ev dekorasyonunda \u00e7ok tercih edilen krem ile uyumlu renkler ve <strong><a href=\"http:\/\/www.kadin.net\/portal\/krem-rengi-ev-dekorasyonu-kremle-uyumlu-renkler\/\"  target=\"_blank\"  target=\"_blank\">krem ev dekorasyonu<\/a><\/strong>nu yaz\u0131m\u0131zda inceleyebilirsiniz.<\/p>\n<figure id=\"attachment_773\" aria-describedby=\"caption-attachment-773\" style=\"width: 768px\" class=\"wp-caption alignnone\"><img loading=\"lazy\" decoding=\"async\" class=\"wp-image-773 size-full\" src=\"http:\/\/www.kadin.net\/portal\/wp-content\/uploads\/2016\/05\/bej-mavi-salon-dekorasyonu.jpg\" alt=\"bej mavi salon dekorasyonu\" width=\"768\" height=\"432\" srcset=\"https:\/\/www.kadin.net\/portal\/wp-content\/uploads\/2016\/05\/bej-mavi-salon-dekorasyonu.jpg 768w, https:\/\/www.kadin.net\/portal\/wp-content\/uploads\/2016\/05\/bej-mavi-salon-dekorasyonu-300x169.jpg 300w\" sizes=\"auto, (max-width: 768px) 100vw, 768px\" \/><figcaption id=\"caption-attachment-773\" class=\"wp-caption-text\">bej mavi salon dekorasyonu<\/figcaption><\/figure>\n","protected":false},"excerpt":{"rendered":"<p>Ev dekorasyonunda bej rengi d\u00fczeni, \u00f6rnekleri ve daha fazlas\u0131n\u0131 yaz\u0131m\u0131z\u0131n i\u00e7eri\u011finde bulabilirsiniz. Bej rengi yumu\u015fak ve asil tonu ile ev<\/p>\n","protected":false},"author":2,"featured_media":772,"comment_status":"open","ping_status":"closed","sticky":false,"template":"","format":"standard","meta":{"footnotes":""},"categories":[1],"tags":[],"class_list":["post-769","post","type-post","status-publish","format-standard","has-post-thumbnail","hentry","category-dekorasyon"],"aioseo_notices":[],"views":1060,"_links":{"self":[{"href":"https:\/\/www.kadin.net\/portal\/wp-json\/wp\/v2\/posts\/769","targetHints":{"allow":["GET"]}}],"collection":[{"href":"https:\/\/www.kadin.net\/portal\/wp-json\/wp\/v2\/posts"}],"about":[{"href":"https:\/\/www.kadin.net\/portal\/wp-json\/wp\/v2\/types\/post"}],"author":[{"embeddable":true,"href":"https:\/\/www.kadin.net\/portal\/wp-json\/wp\/v2\/users\/2"}],"replies":[{"embeddable":true,"href":"https:\/\/www.kadin.net\/portal\/wp-json\/wp\/v2\/comments?post=769"}],"version-history":[{"count":1,"href":"https:\/\/www.kadin.net\/portal\/wp-json\/wp\/v2\/posts\/769\/revisions"}],"predecessor-version":[{"id":774,"href":"https:\/\/www.kadin.net\/portal\/wp-json\/wp\/v2\/posts\/769\/revisions\/774"}],"wp:featuredmedia":[{"embeddable":true,"href":"https:\/\/www.kadin.net\/portal\/wp-json\/wp\/v2\/media\/772"}],"wp:attachment":[{"href":"https:\/\/www.kadin.net\/portal\/wp-json\/wp\/v2\/media?parent=769"}],"wp:term":[{"taxonomy":"category","embeddable":true,"href":"https:\/\/www.kadin.net\/portal\/wp-json\/wp\/v2\/categories?post=769"},{"taxonomy":"post_tag","embeddable":true,"href":"https:\/\/www.kadin.net\/portal\/wp-json\/wp\/v2\/tags?post=769"}],"curies":[{"name":"wp","href":"https:\/\/api.w.org\/{rel}","templated":true}]}}