{"id":869,"date":"2016-05-23T20:40:13","date_gmt":"2016-05-23T17:40:13","guid":{"rendered":"http:\/\/www.kadin.net\/portal\/?p=869"},"modified":"2016-11-08T13:18:17","modified_gmt":"2016-11-08T11:18:17","slug":"derya-baykal-bebek-patik-modelleri-minicik-ayaklara-minicik-sik-patikler","status":"publish","type":"post","link":"https:\/\/www.kadin.net\/portal\/derya-baykal-bebek-patik-modelleri-minicik-ayaklara-minicik-sik-patikler\/","title":{"rendered":"Derya Baykal Bebek Patik Modelleri Minicik Ayaklara Minicik \u015e\u0131k Patikler"},"content":{"rendered":"<p>Derya Baykal bebek patik modelleri konulu yaz\u0131m\u0131z\u0131 incelemektesiniz. \u00d6rg\u00fc i\u015flerinden anl\u0131yor ya da ilginizi \u00e7ekiyorsa eminim ki bu alan ile ilgili \u00e7ok ara\u015ft\u0131rma halinde olabilirsiniz. \u00d6rg\u00fclerden bayan arkada\u015flar\u0131m\u0131z ablalar\u0131m\u0131z teyzelerimiz ger\u00e7ekten \u00e7ok \u00f6zel el eme\u011fi g\u00f6z nuru diyebilece\u011fimiz \u00e7ok \u00f6rnek \u00e7\u0131karabiliyorlar. K\u00fc\u00e7\u00fck motiflerden tutun da yatak \u00f6rt\u00fclerine bebek k\u0131yafetlerine her \u015feyin i\u00e7inde yer al\u0131yor el i\u015fi \u00f6rg\u00fcler. Bebekler i\u00e7in anneler en iyisini d\u00fc\u015f\u00fcn\u00fcr. \u00d6zellikle bebe\u011finin k\u0131yafetleri konusunda \u00e7ok hassas olan anneler el i\u015fi \u00f6rg\u00fc k\u0131yafetleri g\u00f6n\u00fcl rahatl\u0131\u011f\u0131 ile tercih ederler. \u015eimdi sizlere derya baykal program\u0131ndan \u00e7ok \u00f6zel bebek patik modellerini sizlere sunmak istiyorum. Sizler i\u00e7in be\u011fendi\u011fim birka\u00e7 modeli derledim.<\/p>\n<figure id=\"attachment_884\" aria-describedby=\"caption-attachment-884\" style=\"width: 640px\" class=\"wp-caption alignnone\"><img loading=\"lazy\" decoding=\"async\" class=\"wp-image-884 size-full\" src=\"http:\/\/www.kadin.net\/portal\/wp-content\/uploads\/2016\/05\/derya-baykal-orgu-bebek-patik-modelleri.jpg\" alt=\"derya baykal orgu bebek patik modelleri\" width=\"640\" height=\"480\" srcset=\"https:\/\/www.kadin.net\/portal\/wp-content\/uploads\/2016\/05\/derya-baykal-orgu-bebek-patik-modelleri.jpg 640w, https:\/\/www.kadin.net\/portal\/wp-content\/uploads\/2016\/05\/derya-baykal-orgu-bebek-patik-modelleri-300x225.jpg 300w\" sizes=\"auto, (max-width: 640px) 100vw, 640px\" \/><figcaption id=\"caption-attachment-884\" class=\"wp-caption-text\">derya baykal orgu bebek patik modelleri<\/figcaption><\/figure>\n<p>Arkada\u015flar\u0131m sizler i\u00e7in dedi\u011fim gibi en g\u00fczel be\u011fendi\u011fim birka\u00e7 modeli sunmak istedim. Bunlardan biri de yukar\u0131daki g\u00fcl motifli k\u0131z bebekler i\u00e7in yap\u0131lm\u0131\u015f <strong>patik modeli<\/strong>. Evde ya da d\u0131\u015far\u0131da bebe\u011finize giydirebilece\u011finiz \u00e7ok \u015firin bir \u00f6rnek. Kolay d\u00fcz ters \u00f6rg\u00fc ile \u00f6r\u00fclm\u00fc\u015f pratik ama \u015f\u0131k bir \u00f6rnek. Genelde han\u0131mlar \u00f6rg\u00fcye ba\u015flad\u0131\u011f\u0131nda \u00f6nce d\u00fcz ve ters lastik \u00f6rg\u00fcy\u00fc \u00f6\u011frenerek ba\u015flar. E\u011fer sadece bu teknikleri biliyorsan\u0131z dahi \u00e7ok \u00f6zel \u00f6rnekler \u00e7\u0131karabilirsiniz. \u00a0Yine minik bir babet tarz\u0131 bebek patik \u00f6rne\u011fi ile kar\u015f\u0131 kar\u015f\u0131yay\u0131z. Evde s\u0131cac\u0131k ayakkab\u0131 tarz\u0131nda bebe\u011finize giydirebilirsiniz. \u00d6n\u00fcndeki \u00e7i\u00e7ek motifi boncukla s\u00fcslenmesinden anlam\u0131\u015fs\u0131n\u0131zd\u0131r ki k\u0131z bebekler i\u00e7in bir \u00f6rnek daha g\u00f6r\u00fcyorsunuz.<\/p>\n<figure id=\"attachment_886\" aria-describedby=\"caption-attachment-886\" style=\"width: 300px\" class=\"wp-caption alignnone\"><img loading=\"lazy\" decoding=\"async\" class=\"size-medium wp-image-886\" src=\"http:\/\/www.kadin.net\/portal\/wp-content\/uploads\/2016\/05\/derya-baykal-kiz-bebek-patik-modeli-300x225.jpg\" alt=\"derya baykal kiz bebek patik modeli\" width=\"300\" height=\"225\" srcset=\"https:\/\/www.kadin.net\/portal\/wp-content\/uploads\/2016\/05\/derya-baykal-kiz-bebek-patik-modeli-300x225.jpg 300w, https:\/\/www.kadin.net\/portal\/wp-content\/uploads\/2016\/05\/derya-baykal-kiz-bebek-patik-modeli.jpg 480w\" sizes=\"auto, (max-width: 300px) 100vw, 300px\" \/><figcaption id=\"caption-attachment-886\" class=\"wp-caption-text\">derya baykal kiz bebek patik modeli<\/figcaption><\/figure>\n<p>A\u015fa\u011f\u0131da g\u00f6rd\u00fc\u011f\u00fcn\u00fcz \u00f6rne\u011fin yap\u0131l\u0131\u015f\u0131n\u0131 g\u00f6r\u00fcyorsunuz. A\u00e7\u0131k \u015feklini kolay \u00f6rg\u00fcden \u00f6r\u00fcp birle\u015ftirip dikmek \u00e7ok k\u0131sa zaman\u0131n\u0131z\u0131 alacakt\u0131r eminim ki. Bebe\u011finizin ayak bile\u011fini kavrayabilen bu modelle ayaklar\u0131n\u0131 bileklerine kadar s\u0131cac\u0131k tutacak. Renk olarak erkek bebekler i\u00e7in uygun g\u00f6r\u00fcn\u00fcyor siz renk de\u011fi\u015fimi yaparak k\u0131z bebeklere uydurabilirsiniz.<\/p>\n<figure id=\"attachment_887\" aria-describedby=\"caption-attachment-887\" style=\"width: 300px\" class=\"wp-caption alignnone\"><img loading=\"lazy\" decoding=\"async\" class=\"size-medium wp-image-887\" src=\"http:\/\/www.kadin.net\/portal\/wp-content\/uploads\/2016\/05\/derya-baykal-kolay-patik-yapilisi-300x225.jpg\" alt=\"derya baykal kolay patik yapilisi\" width=\"300\" height=\"225\" srcset=\"https:\/\/www.kadin.net\/portal\/wp-content\/uploads\/2016\/05\/derya-baykal-kolay-patik-yapilisi-300x225.jpg 300w, https:\/\/www.kadin.net\/portal\/wp-content\/uploads\/2016\/05\/derya-baykal-kolay-patik-yapilisi-768x576.jpg 768w, https:\/\/www.kadin.net\/portal\/wp-content\/uploads\/2016\/05\/derya-baykal-kolay-patik-yapilisi.jpg 960w\" sizes=\"auto, (max-width: 300px) 100vw, 300px\" \/><figcaption id=\"caption-attachment-887\" class=\"wp-caption-text\">derya baykal kolay patik yapilisi<\/figcaption><\/figure>\n<p>Vee i\u015fte yine \u00e7ok pratik \u00a0\u00e7ok tatl\u0131 bir bebek pati\u011fi. \u00d6n\u00fcndeki kocaman fiyonku ile \u00e7ok \u015firin durmam\u0131\u015f m\u0131? Yukar\u0131daki \u00f6rne\u011fe benzer \u015fekilde \u00e7ok numaras\u0131 yok asl\u0131nda. Pratik ve kolay. Hatta bunun b\u00fcy\u00fc\u011f\u00fcn\u00fc kendinize yapabilir bebe\u011finiz ile tak\u0131m yapabilirsiniz. K\u0131\u015f\u0131n \u00e7ok ihtiyac\u0131n\u0131z olacak bebek yelek modellerini <a href=\"http:\/\/www.kadin.net\/portal\/derya-baykal-orgu-bebek-yelekleri-cok-begeneceksiniz\/\"  target=\"_blank\"  target=\"_blank\"><strong>buradan<\/strong> <\/a>inceleyerek patik ile \u00f6rnek yapabilirsiniz.<\/p>\n<figure id=\"attachment_885\" aria-describedby=\"caption-attachment-885\" style=\"width: 300px\" class=\"wp-caption alignnone\"><img loading=\"lazy\" decoding=\"async\" class=\"size-medium wp-image-885\" src=\"http:\/\/www.kadin.net\/portal\/wp-content\/uploads\/2016\/05\/derya-baykal-fiyonklu-bebek-patik-300x157.jpg\" alt=\"derya baykal fiyonklu bebek patik\" width=\"300\" height=\"157\" srcset=\"https:\/\/www.kadin.net\/portal\/wp-content\/uploads\/2016\/05\/derya-baykal-fiyonklu-bebek-patik-300x157.jpg 300w, https:\/\/www.kadin.net\/portal\/wp-content\/uploads\/2016\/05\/derya-baykal-fiyonklu-bebek-patik.jpg 633w\" sizes=\"auto, (max-width: 300px) 100vw, 300px\" \/><figcaption id=\"caption-attachment-885\" class=\"wp-caption-text\">derya baykal fiyonklu bebek patik<\/figcaption><\/figure>\n","protected":false},"excerpt":{"rendered":"<p>Derya Baykal bebek patik modelleri konulu yaz\u0131m\u0131z\u0131 incelemektesiniz. \u00d6rg\u00fc i\u015flerinden anl\u0131yor ya da ilginizi \u00e7ekiyorsa eminim ki bu alan ile<\/p>\n","protected":false},"author":2,"featured_media":886,"comment_status":"open","ping_status":"closed","sticky":false,"template":"","format":"standard","meta":{"footnotes":""},"categories":[53],"tags":[],"class_list":["post-869","post","type-post","status-publish","format-standard","has-post-thumbnail","hentry","category-orgu"],"aioseo_notices":[],"views":1703,"_links":{"self":[{"href":"https:\/\/www.kadin.net\/portal\/wp-json\/wp\/v2\/posts\/869","targetHints":{"allow":["GET"]}}],"collection":[{"href":"https:\/\/www.kadin.net\/portal\/wp-json\/wp\/v2\/posts"}],"about":[{"href":"https:\/\/www.kadin.net\/portal\/wp-json\/wp\/v2\/types\/post"}],"author":[{"embeddable":true,"href":"https:\/\/www.kadin.net\/portal\/wp-json\/wp\/v2\/users\/2"}],"replies":[{"embeddable":true,"href":"https:\/\/www.kadin.net\/portal\/wp-json\/wp\/v2\/comments?post=869"}],"version-history":[{"count":1,"href":"https:\/\/www.kadin.net\/portal\/wp-json\/wp\/v2\/posts\/869\/revisions"}],"predecessor-version":[{"id":888,"href":"https:\/\/www.kadin.net\/portal\/wp-json\/wp\/v2\/posts\/869\/revisions\/888"}],"wp:featuredmedia":[{"embeddable":true,"href":"https:\/\/www.kadin.net\/portal\/wp-json\/wp\/v2\/media\/886"}],"wp:attachment":[{"href":"https:\/\/www.kadin.net\/portal\/wp-json\/wp\/v2\/media?parent=869"}],"wp:term":[{"taxonomy":"category","embeddable":true,"href":"https:\/\/www.kadin.net\/portal\/wp-json\/wp\/v2\/categories?post=869"},{"taxonomy":"post_tag","embeddable":true,"href":"https:\/\/www.kadin.net\/portal\/wp-json\/wp\/v2\/tags?post=869"}],"curies":[{"name":"wp","href":"https:\/\/api.w.org\/{rel}","templated":true}]}}