{"id":911,"date":"2016-05-25T23:19:03","date_gmt":"2016-05-25T20:19:03","guid":{"rendered":"http:\/\/www.kadin.net\/portal\/?p=911"},"modified":"2016-11-08T12:59:49","modified_gmt":"2016-11-08T10:59:49","slug":"erkekler-icin-orgu-bere-modelleri-kis-icin-degisik-ornekler","status":"publish","type":"post","link":"https:\/\/www.kadin.net\/portal\/erkekler-icin-orgu-bere-modelleri-kis-icin-degisik-ornekler\/","title":{"rendered":"Erkekler \u0130\u00e7in \u00d6rg\u00fc Bere Modelleri K\u0131\u015f \u0130\u00e7in De\u011fi\u015fik \u00d6rnekler"},"content":{"rendered":"<p>Hep bayanlara \u00e7al\u0131\u015ft\u0131\u011f\u0131m\u0131z\u0131 s\u00f6yleyenler i\u015fte beyleri de unutmad\u0131k. <strong>Erkekler i\u00e7in \u00f6rg\u00fc bere modelleri<\/strong>ni yaz\u0131m\u0131zda inceleyebilirsiniz. Birbirinden tarz modeller beylerin \u00e7ok ho\u015funa gidecek. Tabii \u015f\u00f6yle bir durum var yine han\u0131mlar \u00f6recekler bu \u00f6rnekleri. Yani yine i\u015finiz bayanlara kald\u0131 diyebilirim \ud83d\ude42 Neyse i\u015fin \u015faka taraf\u0131n\u0131 b\u0131rakal\u0131m da size ilk modelimizi g\u00f6stererek devam etmek istiyorum. \u00d6zellikle gen\u00e7ler bu modele bay\u0131l\u0131yor. Buna murat boz tarz\u0131 <strong>bere<\/strong> olarak rastlad\u0131m. Hakikaten de murat bozu magazin haberlerinde g\u00f6rd\u00fc\u011f\u00fcmde bu tarz bereler takt\u0131\u011f\u0131n\u0131 hat\u0131rlad\u0131m. Gen\u00e7ler i\u00e7in bu \u015fekil \u00e7ok \u015f\u0131k ve trend duruyor.<\/p>\n<figure id=\"attachment_912\" aria-describedby=\"caption-attachment-912\" style=\"width: 700px\" class=\"wp-caption alignnone\"><img loading=\"lazy\" decoding=\"async\" class=\"wp-image-912 size-full\" src=\"http:\/\/www.kadin.net\/portal\/wp-content\/uploads\/2016\/05\/murat-boz-tarzi-erkek-bere.jpg\" alt=\"murat boz tarzi erkek bere\" width=\"700\" height=\"674\" srcset=\"https:\/\/www.kadin.net\/portal\/wp-content\/uploads\/2016\/05\/murat-boz-tarzi-erkek-bere.jpg 700w, https:\/\/www.kadin.net\/portal\/wp-content\/uploads\/2016\/05\/murat-boz-tarzi-erkek-bere-300x289.jpg 300w\" sizes=\"auto, (max-width: 700px) 100vw, 700px\" \/><figcaption id=\"caption-attachment-912\" class=\"wp-caption-text\">murat boz tarzi erkek bere<\/figcaption><\/figure>\n<p>Bir di\u011fer modelimize ge\u00e7elim dilerseniz. Beyler \u00e7ocuklar gen\u00e7ler i\u015fte sa\u00e7 \u00f6rg\u00fcl\u00fc bere \u00f6rne\u011fi. K\u0131\u015f\u0131n bayanlara nazaran siz daha \u00e7ok s\u0131cak tutmas\u0131ndan yanas\u0131n\u0131z san\u0131yorum berelerin. \u0130\u015fte s\u0131cac\u0131k bir model kar\u015f\u0131n\u0131zda. Kulaklar\u0131n\u0131z\u0131 ba\u015f\u0131n\u0131z\u0131n t\u00fcm k\u0131sm\u0131n\u0131 kapatarak d\u0131\u015far\u0131da keskin so\u011fu\u011fu hissetmeyeceksiniz. Sa\u00e7 \u00f6rg\u00fcs\u00fc tekni\u011fi de de\u011fi\u015fik bir hava katm\u0131\u015f demeden ge\u00e7emeyece\u011fim.<\/p>\n<figure id=\"attachment_913\" aria-describedby=\"caption-attachment-913\" style=\"width: 570px\" class=\"wp-caption alignnone\"><img loading=\"lazy\" decoding=\"async\" class=\"wp-image-913 size-full\" src=\"http:\/\/www.kadin.net\/portal\/wp-content\/uploads\/2016\/05\/sac-orgulu-erkek-bere.jpg\" alt=\"sac orgulu erkek bere\" width=\"570\" height=\"427\" srcset=\"https:\/\/www.kadin.net\/portal\/wp-content\/uploads\/2016\/05\/sac-orgulu-erkek-bere.jpg 570w, https:\/\/www.kadin.net\/portal\/wp-content\/uploads\/2016\/05\/sac-orgulu-erkek-bere-300x225.jpg 300w\" sizes=\"auto, (max-width: 570px) 100vw, 570px\" \/><figcaption id=\"caption-attachment-913\" class=\"wp-caption-text\">sac orgulu erkek bere<\/figcaption><\/figure>\n<p>Kim demi\u015f beyler renkli tak\u0131lmaz diye. Turuncu renk bere ve boyunluk gen\u00e7 abimize ne kadar da yak\u0131\u015fm\u0131\u015f. \u00dcstelik \u00e7ok \u015f\u0131k durmakla kalm\u0131yor kal\u0131n s\u0131cac\u0131k bir model de ayn\u0131 zamanda. Beyler bence art\u0131k gri siyah gibi renklerin ard\u0131ndan \u00e7\u0131ks\u0131n ve bu tarz renkli modeller kullanmaya ba\u015flas\u0131n. \u00c7ok yak\u0131\u015ft\u0131\u011f\u0131n\u0131 g\u00f6receksiniz. \u00dcstelik sizden g\u00f6ren arkada\u015flar\u0131n\u0131z dahi de\u011fi\u015fik renk <strong>bere<\/strong> modellerine bak\u0131nmaya ba\u015flayacak. Bu y\u0131l tabular\u0131n\u0131z\u0131 a\u015f\u0131n ve erkek modas\u0131na siz y\u00f6n verin.<\/p>\n<figure id=\"attachment_914\" aria-describedby=\"caption-attachment-914\" style=\"width: 600px\" class=\"wp-caption alignnone\"><img loading=\"lazy\" decoding=\"async\" class=\"wp-image-914 size-full\" src=\"http:\/\/www.kadin.net\/portal\/wp-content\/uploads\/2016\/05\/turuncu-erkek-bere-ornegi.jpg\" alt=\"turuncu erkek bere ornegi\" width=\"600\" height=\"887\" srcset=\"https:\/\/www.kadin.net\/portal\/wp-content\/uploads\/2016\/05\/turuncu-erkek-bere-ornegi.jpg 600w, https:\/\/www.kadin.net\/portal\/wp-content\/uploads\/2016\/05\/turuncu-erkek-bere-ornegi-203x300.jpg 203w\" sizes=\"auto, (max-width: 600px) 100vw, 600px\" \/><figcaption id=\"caption-attachment-914\" class=\"wp-caption-text\">turuncu erkek bere ornegi<\/figcaption><\/figure>\n<p>Gen\u00e7 ya\u015fl\u0131 beylere k\u0131sacas\u0131 her ya\u015ftan beye yak\u0131\u015facak bir bere \u00f6rne\u011fi daha. D\u00fcz ters \u00f6rg\u00fc tekni\u011fi kullan\u0131ld\u0131\u011f\u0131n\u0131 g\u00f6r\u00fcyorum. Yani asl\u0131nda lastik \u00f6rg\u00fc gibi de g\u00f6r\u00fcn\u00fcyor. Yani demem o ki \u00e7ok kolay \u00f6rg\u00fc tekni\u011fi ile bile \u00e7ok \u015f\u0131k <strong>bere modeli<\/strong> \u00e7\u0131karm\u0131\u015f sayg\u0131de\u011fer han\u0131mlar\u0131m\u0131z. \u00a0Ee burada beylere de bu \u00f6rnekleri severek kullanmak kal\u0131yor. Dilerseniz <a href=\"http:\/\/www.kadin.net\/portal\/derya-baykal-bayan-bere-modelleri-yapilisi\/\"  target=\"_blank\"  target=\"_blank\"><strong>buradan<\/strong> <\/a>daha \u00f6nceki yaz\u0131lar\u0131m\u0131zdan olan derya baykal bayan bere modellerini inceleyerek yeni \u00f6rnekleri g\u00f6rebilirsiniz. <strong>Erkek \u00f6rg\u00fc bere modelleri<\/strong> konulu yaz\u0131m\u0131z\u0131n sonuna geldik. Umar\u0131m modelleri be\u011fenmi\u015fsiniz fikir sahibi olmu\u015fsunuzdur. Sa\u011fl\u0131cakla kal\u0131n&#8230;<\/p>\n<figure id=\"attachment_915\" aria-describedby=\"caption-attachment-915\" style=\"width: 400px\" class=\"wp-caption alignnone\"><img loading=\"lazy\" decoding=\"async\" class=\"wp-image-915 size-full\" src=\"http:\/\/www.kadin.net\/portal\/wp-content\/uploads\/2016\/05\/yeni-orgu-erkek-bere-modeli.jpg\" alt=\"yeni orgu erkek bere modeli\" width=\"400\" height=\"400\" srcset=\"https:\/\/www.kadin.net\/portal\/wp-content\/uploads\/2016\/05\/yeni-orgu-erkek-bere-modeli.jpg 400w, https:\/\/www.kadin.net\/portal\/wp-content\/uploads\/2016\/05\/yeni-orgu-erkek-bere-modeli-150x150.jpg 150w, https:\/\/www.kadin.net\/portal\/wp-content\/uploads\/2016\/05\/yeni-orgu-erkek-bere-modeli-300x300.jpg 300w, https:\/\/www.kadin.net\/portal\/wp-content\/uploads\/2016\/05\/yeni-orgu-erkek-bere-modeli-100x100.jpg 100w\" sizes=\"auto, (max-width: 400px) 100vw, 400px\" \/><figcaption id=\"caption-attachment-915\" class=\"wp-caption-text\">yeni orgu erkek bere modeli<\/figcaption><\/figure>\n","protected":false},"excerpt":{"rendered":"<p>Hep bayanlara \u00e7al\u0131\u015ft\u0131\u011f\u0131m\u0131z\u0131 s\u00f6yleyenler i\u015fte beyleri de unutmad\u0131k. Erkekler i\u00e7in \u00f6rg\u00fc bere modellerini yaz\u0131m\u0131zda inceleyebilirsiniz. Birbirinden tarz modeller beylerin \u00e7ok<\/p>\n","protected":false},"author":2,"featured_media":915,"comment_status":"open","ping_status":"closed","sticky":false,"template":"","format":"standard","meta":{"footnotes":""},"categories":[53],"tags":[],"class_list":["post-911","post","type-post","status-publish","format-standard","has-post-thumbnail","hentry","category-orgu"],"aioseo_notices":[],"views":4763,"_links":{"self":[{"href":"https:\/\/www.kadin.net\/portal\/wp-json\/wp\/v2\/posts\/911","targetHints":{"allow":["GET"]}}],"collection":[{"href":"https:\/\/www.kadin.net\/portal\/wp-json\/wp\/v2\/posts"}],"about":[{"href":"https:\/\/www.kadin.net\/portal\/wp-json\/wp\/v2\/types\/post"}],"author":[{"embeddable":true,"href":"https:\/\/www.kadin.net\/portal\/wp-json\/wp\/v2\/users\/2"}],"replies":[{"embeddable":true,"href":"https:\/\/www.kadin.net\/portal\/wp-json\/wp\/v2\/comments?post=911"}],"version-history":[{"count":1,"href":"https:\/\/www.kadin.net\/portal\/wp-json\/wp\/v2\/posts\/911\/revisions"}],"predecessor-version":[{"id":916,"href":"https:\/\/www.kadin.net\/portal\/wp-json\/wp\/v2\/posts\/911\/revisions\/916"}],"wp:featuredmedia":[{"embeddable":true,"href":"https:\/\/www.kadin.net\/portal\/wp-json\/wp\/v2\/media\/915"}],"wp:attachment":[{"href":"https:\/\/www.kadin.net\/portal\/wp-json\/wp\/v2\/media?parent=911"}],"wp:term":[{"taxonomy":"category","embeddable":true,"href":"https:\/\/www.kadin.net\/portal\/wp-json\/wp\/v2\/categories?post=911"},{"taxonomy":"post_tag","embeddable":true,"href":"https:\/\/www.kadin.net\/portal\/wp-json\/wp\/v2\/tags?post=911"}],"curies":[{"name":"wp","href":"https:\/\/api.w.org\/{rel}","templated":true}]}}