{"id":926,"date":"2016-05-26T22:34:03","date_gmt":"2016-05-26T19:34:03","guid":{"rendered":"http:\/\/www.kadin.net\/portal\/?p=926"},"modified":"2016-11-08T12:59:49","modified_gmt":"2016-11-08T10:59:49","slug":"orgu-kirlent-modelleri-evinizin-havasini-degistirecek","status":"publish","type":"post","link":"https:\/\/www.kadin.net\/portal\/orgu-kirlent-modelleri-evinizin-havasini-degistirecek\/","title":{"rendered":"\u00d6rg\u00fc K\u0131rlent Modelleri Evinizin Havas\u0131n\u0131 De\u011fi\u015ftirecek"},"content":{"rendered":"<p><strong>\u00d6rg\u00fc k\u0131rlent modelleri<\/strong> konulu yaz\u0131m\u0131zda tekrar sizlerleyiz. Ev dekorasyonunda asl\u0131nda ufak ama g\u00f6r\u00fcnt\u00fcs\u00fc itibariyle ho\u015f aksesuarlar \u00f6nemli bir yer tutar. Bunlardan biri de mobilyalar\u0131m\u0131z\u0131n \u00fczerindeki k\u0131rlentlerdir. \u00d6zellikle sade ve s\u0131radan bir oturma grubunu renk renk desenli k\u0131rlentlerle canland\u0131rabilirsiniz. Ama size haz\u0131r \u00f6rneklerden bahsetmiyorum. \u015euan i\u00e7in \u00e7ok \u015f\u0131k <strong>\u00f6rg\u00fc k\u0131rlentler<\/strong>i size sunmak istiyorum. Evde kendinize bir me\u015fgale ar\u0131yorsan\u0131z i\u015fte size f\u0131rsat. \u0130lk \u00f6rne\u011fimi sizlerle payla\u015fmak i\u00e7in sab\u0131rs\u0131zlan\u0131yorum. \u0130\u015fte renk renk k\u0131rlent \u00f6rnekleri. Alttaki kanepeye bakt\u0131\u011f\u0131m\u0131zda krem renkli sade bir \u00f6rnek g\u00f6r\u00fcyorsunuz. Siz de bu \u015fekil bir oturma grubunuz varsa ve art\u0131k s\u0131k\u0131ld\u0131ysan\u0131z renkli k\u0131rlentlerle onun havas\u0131n\u0131 de\u011fi\u015ftirebilirsiniz. Hatta koltuk \u015fallar\u0131 ile de ho\u015f bir g\u00f6r\u00fcn\u00fcm sunabilirsiniz \u00f6rnekteki gibi.<\/p>\n<figure id=\"attachment_927\" aria-describedby=\"caption-attachment-927\" style=\"width: 810px\" class=\"wp-caption alignnone\"><img loading=\"lazy\" decoding=\"async\" class=\"wp-image-927 size-full\" src=\"http:\/\/www.kadin.net\/portal\/wp-content\/uploads\/2016\/05\/renkli-orgu-kirlentler.jpg\" alt=\"renkli orgu kirlentler\" width=\"810\" height=\"540\" srcset=\"https:\/\/www.kadin.net\/portal\/wp-content\/uploads\/2016\/05\/renkli-orgu-kirlentler.jpg 810w, https:\/\/www.kadin.net\/portal\/wp-content\/uploads\/2016\/05\/renkli-orgu-kirlentler-300x200.jpg 300w, https:\/\/www.kadin.net\/portal\/wp-content\/uploads\/2016\/05\/renkli-orgu-kirlentler-768x512.jpg 768w\" sizes=\"auto, (max-width: 810px) 100vw, 810px\" \/><figcaption id=\"caption-attachment-927\" class=\"wp-caption-text\">renkli orgu kirlentler<\/figcaption><\/figure>\n<p>Dilerseniz haz\u0131r k\u0131rlentlerinize \u00f6rg\u00fcden k\u0131l\u0131f \u00f6r\u00fcn dilerseniz \u00f6rd\u00fc\u011f\u00fcn\u00fcz \u00f6rg\u00fc k\u0131rlent k\u0131l\u0131f\u0131n\u0131n i\u00e7ini siz doldurun. Bunun i\u00e7in gidip elyaf bile alman\u0131za gerek yok. Evde kullanmad\u0131\u011f\u0131n\u0131z kuma\u015f k\u0131yafet benzeri kuma\u015flar\u0131 kesip k\u0131rlentlerin i\u00e7ini doldurabilirsiniz. Eminim ki eviniz eskisinden daha renkli ve e\u011flenceli g\u00f6r\u00fcnecek. Asl\u0131nda sadece koltuklar\u0131n\u0131z i\u00e7in de\u011fil. \u00c7ocuklar\u0131n\u0131z\u0131n odalar\u0131 bebek odalar\u0131 i\u00e7in hayvan fig\u00fcrl\u00fc k\u0131rlentler \u00e7ok tatl\u0131 bir g\u00f6r\u00fcn\u00fcm sunacakt\u0131r. \u00a0\u0130\u015fte tam da a\u015fa\u011f\u0131daki \u00f6rnekten bahsediyorum. Hem \u00e7ocuk odalar\u0131 i\u00e7in hem bebek odalar\u0131 i\u00e7in odalar\u0131 i\u00e7in renkli g\u00f6r\u00fcn\u00fcm sunabilirsiniz. A\u015fa\u011f\u0131daki \u00f6rnek gibi \u00f6nce motifleri \u00f6r\u00fcp sonra bunlar\u0131 birle\u015ftirerek ortaya harika bir k\u0131rlent \u00e7\u0131karabilirsiniz.<\/p>\n<figure id=\"attachment_928\" aria-describedby=\"caption-attachment-928\" style=\"width: 750px\" class=\"wp-caption alignnone\"><img loading=\"lazy\" decoding=\"async\" class=\"wp-image-928 size-full\" src=\"http:\/\/www.kadin.net\/portal\/wp-content\/uploads\/2016\/05\/baykus-motifli-orgu-kirlent-\u00f6rnegi.jpg\" alt=\"baykus motifli orgu kirlent \u00f6rnegi\" width=\"750\" height=\"678\" srcset=\"https:\/\/www.kadin.net\/portal\/wp-content\/uploads\/2016\/05\/baykus-motifli-orgu-kirlent-\u00f6rnegi.jpg 750w, https:\/\/www.kadin.net\/portal\/wp-content\/uploads\/2016\/05\/baykus-motifli-orgu-kirlent-\u00f6rnegi-300x271.jpg 300w\" sizes=\"auto, (max-width: 750px) 100vw, 750px\" \/><figcaption id=\"caption-attachment-928\" class=\"wp-caption-text\">baykus motifli orgu kirlent \u00f6rnegi<\/figcaption><\/figure>\n<p>\u00d6rg\u00fc kardan adaml\u0131 fig\u00fcrl\u00fc k\u0131rlent renkli ve c\u0131v\u0131l c\u0131v\u0131l g\u00f6r\u00fcm\u00fc ile \u00e7ocuk, bebek, gen\u00e7 odalar\u0131na yak\u0131\u015faca\u011f\u0131n\u0131 d\u00fc\u015f\u00fcn\u00fcyorum. Yine k\u0131\u015f sezonunda kardan adam fig\u00fcrl\u00fc <strong>\u00f6rg\u00fc k\u0131rlentler<\/strong> oturma odan\u0131zda oturma grubunuzun \u00fczerinde kullanabilirsiniz. Asl\u0131nda bu y\u0131l\u0131n trendleri olan \u00f6rg\u00fc k\u0131rlent modellerini sizlerle payla\u015fmaya \u00e7al\u0131\u015ft\u0131m. Hepsi c\u0131v\u0131l c\u0131v\u0131l rengarenk. Evde at\u0131k kalan iplerle bile k\u0131rlent \u00f6rebilirsiniz. Dilerseniz \u00e7ok ip gitmemesi i\u00e7in g\u00f6r\u00fcnen y\u00fcz\u00fcn\u00fc \u00f6rg\u00fc ile \u00f6r\u00fcp hangi motifi istiyorsan\u0131z \u00f6n y\u00fcz\u00fcnde sergileyip arka y\u00fcz\u00fcn\u00fc sadece astar olarak dikebilirsiniz de.<\/p>\n<figure id=\"attachment_929\" aria-describedby=\"caption-attachment-929\" style=\"width: 570px\" class=\"wp-caption alignnone\"><img loading=\"lazy\" decoding=\"async\" class=\"wp-image-929 size-full\" src=\"http:\/\/www.kadin.net\/portal\/wp-content\/uploads\/2016\/05\/kardan-adam-figurlu-kirlent-\u00f6rnegi.jpg\" alt=\"kardan adam figurlu kirlent \u00f6rnegi\" width=\"570\" height=\"618\" srcset=\"https:\/\/www.kadin.net\/portal\/wp-content\/uploads\/2016\/05\/kardan-adam-figurlu-kirlent-\u00f6rnegi.jpg 570w, https:\/\/www.kadin.net\/portal\/wp-content\/uploads\/2016\/05\/kardan-adam-figurlu-kirlent-\u00f6rnegi-277x300.jpg 277w\" sizes=\"auto, (max-width: 570px) 100vw, 570px\" \/><figcaption id=\"caption-attachment-929\" class=\"wp-caption-text\">kardan adam figurlu kirlent \u00f6rnegi<\/figcaption><\/figure>\n<p>S\u0131radan ama ne kadar s\u0131cak bir g\u00f6r\u00fcnt\u00fc sunuyor ekrandan da olsa de\u011fil mi? Evinizin i\u00e7inde oldu\u011funu d\u00fc\u015f\u00fcnsenize bir de? S\u0131radan bir ev dekorasyonunu canland\u0131rmaya yetiyor bir k\u0131rlent tanesi bile. Daha fazla \u00f6rg\u00fc k\u0131rlent modeli i\u00e7in <strong><a href=\"http:\/\/www.orguden.com\/\"  target=\"\"  target=\"_blank\"  rel=\"nofollow\">orguden.com<\/a><\/strong> sitemizde <strong><a href=\"http:\/\/www.orguden.com\/derya-baykal-ile-orguden-kirlent-modelleri-cok-renkli-ornekler-burada\/\"  target=\"\"  target=\"_blank\"  rel=\"nofollow\">\u015fu linke<\/a><\/strong> t\u0131klaman\u0131z yeterli olacakt\u0131r. Derya baykal ile \u00f6rg\u00fc k\u0131rlent modellerini link i\u00e7inde ayr\u0131nt\u0131l\u0131 bulabileceksiniz.<\/p>\n<figure id=\"attachment_930\" aria-describedby=\"caption-attachment-930\" style=\"width: 1536px\" class=\"wp-caption alignnone\"><img loading=\"lazy\" decoding=\"async\" class=\"wp-image-930 size-full\" src=\"http:\/\/www.kadin.net\/portal\/wp-content\/uploads\/2016\/05\/orguden-kirlent-\u00f6rnekleri.jpg\" alt=\"orguden kirlent \u00f6rnekleri\" width=\"1536\" height=\"1152\" srcset=\"https:\/\/www.kadin.net\/portal\/wp-content\/uploads\/2016\/05\/orguden-kirlent-\u00f6rnekleri.jpg 1536w, https:\/\/www.kadin.net\/portal\/wp-content\/uploads\/2016\/05\/orguden-kirlent-\u00f6rnekleri-300x225.jpg 300w, https:\/\/www.kadin.net\/portal\/wp-content\/uploads\/2016\/05\/orguden-kirlent-\u00f6rnekleri-768x576.jpg 768w, https:\/\/www.kadin.net\/portal\/wp-content\/uploads\/2016\/05\/orguden-kirlent-\u00f6rnekleri-1024x768.jpg 1024w\" sizes=\"auto, (max-width: 1536px) 100vw, 1536px\" \/><figcaption id=\"caption-attachment-930\" class=\"wp-caption-text\">orguden kirlent \u00f6rnekleri<\/figcaption><\/figure>\n<p>&nbsp;<\/p>\n","protected":false},"excerpt":{"rendered":"<p>\u00d6rg\u00fc k\u0131rlent modelleri konulu yaz\u0131m\u0131zda tekrar sizlerleyiz. Ev dekorasyonunda asl\u0131nda ufak ama g\u00f6r\u00fcnt\u00fcs\u00fc itibariyle ho\u015f aksesuarlar \u00f6nemli bir yer tutar.<\/p>\n","protected":false},"author":2,"featured_media":930,"comment_status":"open","ping_status":"closed","sticky":false,"template":"","format":"standard","meta":{"footnotes":""},"categories":[53],"tags":[],"class_list":["post-926","post","type-post","status-publish","format-standard","has-post-thumbnail","hentry","category-orgu"],"aioseo_notices":[],"views":518,"_links":{"self":[{"href":"https:\/\/www.kadin.net\/portal\/wp-json\/wp\/v2\/posts\/926","targetHints":{"allow":["GET"]}}],"collection":[{"href":"https:\/\/www.kadin.net\/portal\/wp-json\/wp\/v2\/posts"}],"about":[{"href":"https:\/\/www.kadin.net\/portal\/wp-json\/wp\/v2\/types\/post"}],"author":[{"embeddable":true,"href":"https:\/\/www.kadin.net\/portal\/wp-json\/wp\/v2\/users\/2"}],"replies":[{"embeddable":true,"href":"https:\/\/www.kadin.net\/portal\/wp-json\/wp\/v2\/comments?post=926"}],"version-history":[{"count":2,"href":"https:\/\/www.kadin.net\/portal\/wp-json\/wp\/v2\/posts\/926\/revisions"}],"predecessor-version":[{"id":932,"href":"https:\/\/www.kadin.net\/portal\/wp-json\/wp\/v2\/posts\/926\/revisions\/932"}],"wp:featuredmedia":[{"embeddable":true,"href":"https:\/\/www.kadin.net\/portal\/wp-json\/wp\/v2\/media\/930"}],"wp:attachment":[{"href":"https:\/\/www.kadin.net\/portal\/wp-json\/wp\/v2\/media?parent=926"}],"wp:term":[{"taxonomy":"category","embeddable":true,"href":"https:\/\/www.kadin.net\/portal\/wp-json\/wp\/v2\/categories?post=926"},{"taxonomy":"post_tag","embeddable":true,"href":"https:\/\/www.kadin.net\/portal\/wp-json\/wp\/v2\/tags?post=926"}],"curies":[{"name":"wp","href":"https:\/\/api.w.org\/{rel}","templated":true}]}}