{"id":933,"date":"2016-05-27T19:33:46","date_gmt":"2016-05-27T16:33:46","guid":{"rendered":"http:\/\/www.kadin.net\/portal\/?p=933"},"modified":"2016-11-08T13:18:17","modified_gmt":"2016-11-08T11:18:17","slug":"derya-baykal-orgu-panco-modelleri-anlatimli-hanimlar-bakmadan-gecmeyin","status":"publish","type":"post","link":"https:\/\/www.kadin.net\/portal\/derya-baykal-orgu-panco-modelleri-anlatimli-hanimlar-bakmadan-gecmeyin\/","title":{"rendered":"Derya Baykal \u00d6rg\u00fc Pan\u00e7o Modelleri Anlat\u0131ml\u0131 Han\u0131mlar Bakmadan Ge\u00e7meyin"},"content":{"rendered":"<p><strong>Derya Baykal \u00f6rg\u00fc pan\u00e7o modelleri anlat\u0131ml\u0131<\/strong> yaz\u0131m\u0131z\u0131 incelemektesiniz. D\u00f6rt mevsim han\u0131mlar\u0131n g\u00f6zdesi olan <strong>pan\u00e7olar<\/strong> yepyeni modelleri ile kar\u015f\u0131n\u0131zda. Art\u0131k \u00f6yle modeller var ki s\u0131cak havalarda bile pan\u00e7o giyebileceksiniz. Desen desen renk renk bay\u0131laca\u011f\u0131n\u0131z birka\u00e7 modelle kar\u015f\u0131n\u0131zday\u0131z. \u0130lk olarak yaz mevsimine \u00e7ok az kala size yazl\u0131k bir \u00f6rnek sunmak istedim. Zevkle kullanaca\u011f\u0131n\u0131z\u0131 d\u00fc\u015f\u00fcn\u00fcyorum. \u0130\u015fte hemen a\u015fa\u011f\u0131da g\u00f6r\u00fcyorsunuz <strong>derya baykal<\/strong> han\u0131mefendinin \u00fczerinde rengarenk tam bahar ve yaz aylar\u0131na yak\u0131\u015facak bir <strong>\u00f6rg\u00fc pan\u00e7o<\/strong> modeli g\u00f6r\u00fcyorsunuz. Hem de delikli olarak \u00f6r\u00fclmesi s\u0131cak havalara ideal. G\u00f6rd\u00fc\u011f\u00fcn\u00fcz gibi b\u00f6ylece alttaki k\u0131yafetiniz de g\u00f6r\u00fcn\u00fcyor. O y\u00fczden k\u0131yafetinizi de pan\u00e7onuzla uyumlu se\u00e7meniz gerekecektir. Derya Baykal\u0131n siyah elbisesi \u00fczerinde \u015f\u0131k durmu\u015f ger\u00e7ekten.<\/p>\n<figure id=\"attachment_934\" aria-describedby=\"caption-attachment-934\" style=\"width: 600px\" class=\"wp-caption alignnone\"><img loading=\"lazy\" decoding=\"async\" class=\"wp-image-934 size-full\" src=\"http:\/\/www.kadin.net\/portal\/wp-content\/uploads\/2016\/05\/rengarenk-orgu-yazlik-panco-modeli.jpg\" alt=\"rengarenk orgu yazlik panco modeli\" width=\"600\" height=\"716\" srcset=\"https:\/\/www.kadin.net\/portal\/wp-content\/uploads\/2016\/05\/rengarenk-orgu-yazlik-panco-modeli.jpg 600w, https:\/\/www.kadin.net\/portal\/wp-content\/uploads\/2016\/05\/rengarenk-orgu-yazlik-panco-modeli-251x300.jpg 251w\" sizes=\"auto, (max-width: 600px) 100vw, 600px\" \/><figcaption id=\"caption-attachment-934\" class=\"wp-caption-text\">rengarenk orgu yazlik panco modeli<\/figcaption><\/figure>\n<p>A\u015fa\u011f\u0131da p\u00fcsk\u00fclleri ile dikkat \u00e7eken bir model yer al\u0131yor. Kare \u015feklinde motiflerle \u00f6r\u00fclen pan\u00e7o ak\u0131ll\u0131 ipten \u00f6r\u00fclm\u00fc\u015f san\u0131yorum. Ho\u015f renklere sahip bu \u00f6rg\u00fc pan\u00e7o k\u0131\u015f\u0131n kullan\u0131m i\u00e7in ideal. Olduk\u00e7a kal\u0131n g\u00f6r\u00fcn\u00fcyor. So\u011fuk k\u0131\u015f g\u00fcnlerinde olduk\u00e7a s\u0131cak tutacakt\u0131r sizi. Kendinizi \u015f\u0131martmak ve ilgi \u00e7ekmek istiyorsan\u0131z \u00f6rg\u00fc pan\u00e7olar yapabilirsiniz kendinize. Pan\u00e7olar ayn\u0131 zamanda kolsuz olduklar\u0131 ve pratik kullan\u0131ma sahip olan bir k\u0131yafet oldu\u011fu i\u00e7in de ilgi \u00e7ekici. Acilen evden \u00e7\u0131kman\u0131z gerekiyorsa kaban giymeye u\u011fra\u015fmadan pan\u00e7onuzu hemen kolayca giyiverirsiniz. Yine kolay kullan\u0131ma sahip olan <strong><a href=\"http:\/\/www.kadin.net\/portal\/derya-baykal-orgu-sal-ornekleri-hanimlar-bunlari-gormeden-gecmeyin\/\"  target=\"_blank\"  target=\"_blank\">derya baykal \u00f6rg\u00fc \u015fal<\/a><\/strong> \u00f6rneklerini buradan inceleyebilirsiniz.<\/p>\n<figure id=\"attachment_935\" aria-describedby=\"caption-attachment-935\" style=\"width: 397px\" class=\"wp-caption alignnone\"><img loading=\"lazy\" decoding=\"async\" class=\"wp-image-935 size-full\" src=\"http:\/\/www.kadin.net\/portal\/wp-content\/uploads\/2016\/05\/orguden-puskullu-panco-modeli.jpg\" alt=\"orguden puskullu panco modeli\" width=\"397\" height=\"499\" srcset=\"https:\/\/www.kadin.net\/portal\/wp-content\/uploads\/2016\/05\/orguden-puskullu-panco-modeli.jpg 397w, https:\/\/www.kadin.net\/portal\/wp-content\/uploads\/2016\/05\/orguden-puskullu-panco-modeli-239x300.jpg 239w\" sizes=\"auto, (max-width: 397px) 100vw, 397px\" \/><figcaption id=\"caption-attachment-935\" class=\"wp-caption-text\">orguden puskullu panco modeli<\/figcaption><\/figure>\n<p>A\u015fa\u011f\u0131da yer alan t\u0131\u011f i\u015finden delikli pan\u00e7oya bay\u0131lacaks\u0131n\u0131z. \u00c7ok \u015f\u0131k g\u00f6r\u00fcn\u00fcme sahip \u00e7i\u00e7ek motifli bo\u011fazl\u0131 pan\u00e7oyu ister yaz\u0131n ister k\u0131\u015f\u0131n her mevsim rahatl\u0131kla kullanabilirsiniz. Bo\u011faz k\u0131sm\u0131 yaz\u0131n biraz bunaltabilir o a\u00e7\u0131ndan yakas\u0131n\u0131 daha a\u00e7\u0131k \u00f6rebilirsiniz.<\/p>\n<figure id=\"attachment_936\" aria-describedby=\"caption-attachment-936\" style=\"width: 518px\" class=\"wp-caption alignnone\"><img loading=\"lazy\" decoding=\"async\" class=\"wp-image-936 size-full\" src=\"http:\/\/www.kadin.net\/portal\/wp-content\/uploads\/2016\/05\/tig-isi-orguden-bogazli-panco-\u00f6rnegi.jpg\" alt=\"tig isi orguden bogazli panco \u00f6rnegi\" width=\"518\" height=\"380\" srcset=\"https:\/\/www.kadin.net\/portal\/wp-content\/uploads\/2016\/05\/tig-isi-orguden-bogazli-panco-\u00f6rnegi.jpg 518w, https:\/\/www.kadin.net\/portal\/wp-content\/uploads\/2016\/05\/tig-isi-orguden-bogazli-panco-\u00f6rnegi-300x220.jpg 300w\" sizes=\"auto, (max-width: 518px) 100vw, 518px\" \/><figcaption id=\"caption-attachment-936\" class=\"wp-caption-text\">tig isi orguden bogazli panco \u00f6rnegi<\/figcaption><\/figure>\n<p>Haz\u0131r pan\u00e7o \u00f6rnekleri g\u00fcnden g\u00fcne artmaktad\u0131r fakat \u00f6rg\u00fc modelleri de hi\u00e7e saymamak laz\u0131m. Han\u0131mlar \u00a0o kadar \u00e7e\u015fitli \u015f\u0131k modeller yap\u0131yor ki haz\u0131r modellerin pabucunu dama atacak cinsten \u00f6rnekler sunuyorlar. Siz de \u00f6rneklerden esinlenerek kendinize hem bo\u015f zamanlar\u0131n\u0131z\u0131 de\u011ferlendirebilece\u011finiz hem de zevkinize uygun <strong>\u00f6rg\u00fc pan\u00e7o<\/strong> \u00f6rebilirsiniz. Kendinize yapt\u0131\u011f\u0131n\u0131z i\u00e7in ayr\u0131 zevk alaca\u011f\u0131n\u0131z\u0131 d\u00fc\u015f\u00fcn\u00fcyorum.<\/p>\n<figure id=\"attachment_937\" aria-describedby=\"caption-attachment-937\" style=\"width: 528px\" class=\"wp-caption alignnone\"><img loading=\"lazy\" decoding=\"async\" class=\"wp-image-937 size-full\" src=\"http:\/\/www.kadin.net\/portal\/wp-content\/uploads\/2016\/05\/yeni-derya-baykal-orgu-panco.jpg\" alt=\"yeni derya baykal orgu panco\" width=\"528\" height=\"625\" srcset=\"https:\/\/www.kadin.net\/portal\/wp-content\/uploads\/2016\/05\/yeni-derya-baykal-orgu-panco.jpg 528w, https:\/\/www.kadin.net\/portal\/wp-content\/uploads\/2016\/05\/yeni-derya-baykal-orgu-panco-253x300.jpg 253w\" sizes=\"auto, (max-width: 528px) 100vw, 528px\" \/><figcaption id=\"caption-attachment-937\" class=\"wp-caption-text\">yeni derya baykal orgu panco<\/figcaption><\/figure>\n","protected":false},"excerpt":{"rendered":"<p>Derya Baykal \u00f6rg\u00fc pan\u00e7o modelleri anlat\u0131ml\u0131 yaz\u0131m\u0131z\u0131 incelemektesiniz. D\u00f6rt mevsim han\u0131mlar\u0131n g\u00f6zdesi olan pan\u00e7olar yepyeni modelleri ile kar\u015f\u0131n\u0131zda. Art\u0131k \u00f6yle<\/p>\n","protected":false},"author":2,"featured_media":934,"comment_status":"open","ping_status":"closed","sticky":false,"template":"","format":"standard","meta":{"footnotes":""},"categories":[53],"tags":[],"class_list":["post-933","post","type-post","status-publish","format-standard","has-post-thumbnail","hentry","category-orgu"],"aioseo_notices":[],"views":2982,"_links":{"self":[{"href":"https:\/\/www.kadin.net\/portal\/wp-json\/wp\/v2\/posts\/933","targetHints":{"allow":["GET"]}}],"collection":[{"href":"https:\/\/www.kadin.net\/portal\/wp-json\/wp\/v2\/posts"}],"about":[{"href":"https:\/\/www.kadin.net\/portal\/wp-json\/wp\/v2\/types\/post"}],"author":[{"embeddable":true,"href":"https:\/\/www.kadin.net\/portal\/wp-json\/wp\/v2\/users\/2"}],"replies":[{"embeddable":true,"href":"https:\/\/www.kadin.net\/portal\/wp-json\/wp\/v2\/comments?post=933"}],"version-history":[{"count":1,"href":"https:\/\/www.kadin.net\/portal\/wp-json\/wp\/v2\/posts\/933\/revisions"}],"predecessor-version":[{"id":938,"href":"https:\/\/www.kadin.net\/portal\/wp-json\/wp\/v2\/posts\/933\/revisions\/938"}],"wp:featuredmedia":[{"embeddable":true,"href":"https:\/\/www.kadin.net\/portal\/wp-json\/wp\/v2\/media\/934"}],"wp:attachment":[{"href":"https:\/\/www.kadin.net\/portal\/wp-json\/wp\/v2\/media?parent=933"}],"wp:term":[{"taxonomy":"category","embeddable":true,"href":"https:\/\/www.kadin.net\/portal\/wp-json\/wp\/v2\/categories?post=933"},{"taxonomy":"post_tag","embeddable":true,"href":"https:\/\/www.kadin.net\/portal\/wp-json\/wp\/v2\/tags?post=933"}],"curies":[{"name":"wp","href":"https:\/\/api.w.org\/{rel}","templated":true}]}}